{"id":19268,"date":"2024-07-08T10:48:03","date_gmt":"2024-07-08T08:48:03","guid":{"rendered":"https:\/\/festivalfilmeduc.net\/?p=19268"},"modified":"2025-03-01T19:54:08","modified_gmt":"2025-03-01T18:54:08","slug":"cine-rencontres-autour-de-leducation-pres-de-troyes-cemea-grand-est","status":"publish","type":"post","link":"https:\/\/festivalfilmeduc.net\/en\/2024\/07\/cine-rencontres-autour-de-leducation-pres-de-troyes-cemea-grand-est\/","title":{"rendered":"Cin\u00e9-rencontres autour de l&#8217;\u00e9ducation pr\u00e8s de Troyes (Cemea Grand-Est)"},"content":{"rendered":"<p>Les Cemea Grand Est ont particip\u00e9 les 24 et 25 mai pr\u00e8s de Troyes (Saint-Parres-aux-Tertres) au CIN\u00c9-RENCONTRES\u00a0 autour de l\u2019\u00e9ducation, programm\u00e9 par l&#8217;<a href=\"http:\/\/www.pierrechaussin.net\/index.html\">association Pierre Chaussin<\/a>, dont l&#8217;objectif principal est de \u00ab D\u00e9fendre et promouvoir la culture cin\u00e9matographique par tous les moyens et sous toutes ses formes. \u00bb<\/p>\n<p>Ce fut une tr\u00e8s belle rencontre entre les deux associations qui ont travaill\u00e9 ensemble et avec l&#8217;appui de l&#8217;association nationale des Cemea, pour construire 5 s\u00e9ances tout public pendant deux jours. L&#8217;animation de l&#8217;ensemble des s\u00e9ances \u00e9tait faite par 2 membres des Cemea Grand Est, Colette Coquard et Franck Valeze (en lien avec Felix Pedrajas, le Pr\u00e9sident de l&#8217;association).<\/p>\n<p><a href=\"https:\/\/festivalfilmeduc.net\/wp-content\/uploads\/2024\/07\/439887207_10225478664336829_1222825801162586340_n.jpg\" data-lbwps-width=\"427\" data-lbwps-height=\"603\" data-lbwps-srcsmall=\"https:\/\/festivalfilmeduc.net\/wp-content\/uploads\/2024\/07\/439887207_10225478664336829_1222825801162586340_n-212x300.jpg\"><img loading=\"lazy\" decoding=\"async\" class=\"alignnone size-full wp-image-19269\" src=\"https:\/\/festivalfilmeduc.net\/wp-content\/uploads\/2024\/07\/439887207_10225478664336829_1222825801162586340_n.jpg\" alt=\"\" width=\"427\" height=\"603\" srcset=\"https:\/\/festivalfilmeduc.net\/wp-content\/uploads\/2024\/07\/439887207_10225478664336829_1222825801162586340_n.jpg 427w, https:\/\/festivalfilmeduc.net\/wp-content\/uploads\/2024\/07\/439887207_10225478664336829_1222825801162586340_n-212x300.jpg 212w\" sizes=\"auto, (max-width: 427px) 100vw, 427px\" \/><\/a><\/p>\n<p>Au Programme, des films prim\u00e9s au FIFE \u00e0 \u00c9vreux :<\/p>\n<ul>\n<li><a href=\"https:\/\/festivalfilmeduc.net\/films\/diamond-island\/\">Diamond Island<\/a>, prim\u00e9 du meilleur long m\u00e9trage d&#8217;\u00e9ducation en 2016<\/li>\n<li><a href=\"https:\/\/festivalfilmeduc.net\/films\/toto-et-ses-soeurs-toto-si-surorile-lui\/\">Toto et ses s\u0153urs<\/a>, prim\u00e9 du meilleur long m\u00e9trage d&#8217;\u00e9ducation en 2015<\/li>\n<li><a href=\"https:\/\/festivalfilmeduc.net\/films\/les-oublies-de-la-belle-etoile\/\">Les Oubli\u00e9s de la Belle \u00e9toile<\/a> en pr\u00e9sence de la r\u00e9alisatrice Cl\u00e9mence Davigo et de Michel et Daniel, deux personnages du film. Le film a \u00e9t\u00e9 prim\u00e9 en 2023 du meilleur long m\u00e9trage documentaire.<\/li>\n<li><a href=\"https:\/\/festivalfilmeduc.net\/films\/petite-nature\/\">Petite nature<\/a>, prim\u00e9 du meilleur long m\u00e9trage de fiction en 2021<\/li>\n<li><a href=\"https:\/\/festivalfilmeduc.net\/films\/ademokas-education\/\">L\u2019\u00c9ducation d&#8217;Ademoka<\/a>, soutenu par les Cem\u00e9a en 2022<\/li>\n<\/ul>\n<p>A <a href=\"https:\/\/festivalfilmeduc.net\/wp-content\/uploads\/2024\/07\/cine-debat-troyes.jpg\" data-lbwps-width=\"2514\" data-lbwps-height=\"2627\" data-lbwps-srcsmall=\"https:\/\/festivalfilmeduc.net\/wp-content\/uploads\/2024\/07\/cine-debat-troyes-287x300.jpg\"><img loading=\"lazy\" decoding=\"async\" class=\"alignleft wp-image-19271 size-medium\" src=\"https:\/\/festivalfilmeduc.net\/wp-content\/uploads\/2024\/07\/cine-debat-troyes-287x300.jpg\" alt=\"\" width=\"287\" height=\"300\" \/><\/a>chaque s\u00e9ance, \u00e9taient pr\u00e9sent.es une cinquantaine de spectateur.rices tr\u00e8s int\u00e9ress\u00e9.es par les questions d&#8217;\u00e9ducation, ce qui a valu de belles d\u00e9couvertes et de riches \u00e9changes. La rencontre avec Cl\u00e9mence Davigo, Michel et Daniel pour le film Les Oubli\u00e9s de la Belle \u00e9toile, a marqu\u00e9 d&#8217;un point d&#8217;orgue ces rencontres.<\/p>\n","protected":false},"excerpt":{"rendered":"<p>Les Cemea Grand Est ont particip\u00e9 les 24 et 25 mai pr\u00e8s de Troyes (Saint-Parres-aux-Tertres) au CIN\u00c9-RENCONTRES\u00a0 autour de l\u2019\u00e9ducation, programm\u00e9 par l&#8217;association Pierre Chaussin, dont l&#8217;objectif principal est de [&hellip;]<\/p>\n","protected":false},"author":12,"featured_media":19271,"comment_status":"open","ping_status":"open","sticky":false,"template":"","format":"standard","meta":{"_acf_changed":false,"footnotes":""},"categories":[1392,104],"tags":[],"edition_festival":[2814],"class_list":["post-19268","post","type-post","status-publish","format-standard","has-post-thumbnail","hentry","category-actualites","category-les-echos-du-festival","edition_festival-edition-2023"],"acf":[],"_links":{"self":[{"href":"https:\/\/festivalfilmeduc.net\/en\/wp-json\/wp\/v2\/posts\/19268","targetHints":{"allow":["GET"]}}],"collection":[{"href":"https:\/\/festivalfilmeduc.net\/en\/wp-json\/wp\/v2\/posts"}],"about":[{"href":"https:\/\/festivalfilmeduc.net\/en\/wp-json\/wp\/v2\/types\/post"}],"author":[{"embeddable":true,"href":"https:\/\/festivalfilmeduc.net\/en\/wp-json\/wp\/v2\/users\/12"}],"replies":[{"embeddable":true,"href":"https:\/\/festivalfilmeduc.net\/en\/wp-json\/wp\/v2\/comments?post=19268"}],"version-history":[{"count":3,"href":"https:\/\/festivalfilmeduc.net\/en\/wp-json\/wp\/v2\/posts\/19268\/revisions"}],"predecessor-version":[{"id":19274,"href":"https:\/\/festivalfilmeduc.net\/en\/wp-json\/wp\/v2\/posts\/19268\/revisions\/19274"}],"wp:featuredmedia":[{"embeddable":true,"href":"https:\/\/festivalfilmeduc.net\/en\/wp-json\/wp\/v2\/media\/19271"}],"wp:attachment":[{"href":"https:\/\/festivalfilmeduc.net\/en\/wp-json\/wp\/v2\/media?parent=19268"}],"wp:term":[{"taxonomy":"category","embeddable":true,"href":"https:\/\/festivalfilmeduc.net\/en\/wp-json\/wp\/v2\/categories?post=19268"},{"taxonomy":"post_tag","embeddable":true,"href":"https:\/\/festivalfilmeduc.net\/en\/wp-json\/wp\/v2\/tags?post=19268"},{"taxonomy":"edition_festival","embeddable":true,"href":"https:\/\/festivalfilmeduc.net\/en\/wp-json\/wp\/v2\/edition_festival?post=19268"}],"curies":[{"name":"wp","href":"https:\/\/api.w.org\/{rel}","templated":true}]}}