{"id":26920,"date":"2026-04-01T12:43:43","date_gmt":"2026-04-01T10:43:43","guid":{"rendered":"https:\/\/festivalfilmeduc.net\/?p=26920"},"modified":"2026-04-07T10:07:00","modified_gmt":"2026-04-07T08:07:00","slug":"un-echo-du-fife-a-amiens-dans-les-locaux-de-lapradis-du-7-au-9-avril","status":"publish","type":"post","link":"https:\/\/festivalfilmeduc.net\/en\/2026\/04\/un-echo-du-fife-a-amiens-dans-les-locaux-de-lapradis-du-7-au-9-avril\/","title":{"rendered":"Un \u00c9cho du FIFE \u00e0 Amiens, dans les locaux de l&#8217;APRADIS, du 7 au 9 avril"},"content":{"rendered":"<h2>Dans le cadre de la d\u00e9localisation du Festival International du Film d\u2019\u00c9ducation (FIFE) d\u2019\u00c9vreux, l&#8217;Apradis en partenariat avec les Cem\u00e9a de Picardie ont le plaisir d\u2019organiser plusieurs projections sur leur site d\u2019Amiens, du 7 au 9 avril.<\/h2>\n<p>Cet \u00e9v\u00e9nement est gratuit et ouvert \u00e0 toutes et tous : n\u2019h\u00e9sitez pas \u00e0 en profiter et \u00e0 relayer l\u2019information autour de vous.<\/p>\n<p><a href=\"https:\/\/festivalfilmeduc.net\/wp-content\/uploads\/2026\/04\/Apradis-avril-.jpg\" data-lbwps-width=\"700\" data-lbwps-height=\"995\" data-lbwps-srcsmall=\"https:\/\/festivalfilmeduc.net\/wp-content\/uploads\/2026\/04\/Apradis-avril--211x300.jpg\"><img loading=\"lazy\" decoding=\"async\" class=\"alignnone size-medium wp-image-26921\" src=\"https:\/\/festivalfilmeduc.net\/wp-content\/uploads\/2026\/04\/Apradis-avril--211x300.jpg\" alt=\"\" width=\"211\" height=\"300\" \/><\/a><\/p>\n<p><strong>\ud83d\udcc5 Mardi 7 avril<\/strong><\/p>\n<p>18h \u2013 <em>Au Bain des Dames<\/em>, de Margaux Fournier (30\u2019)<br \/>\nMention sp\u00e9ciale du jury lors du dernier FIFAM et a obtenu le C\u00e9sar du meilleur court-m\u00e9trage documentaire.<br \/>\nTous les jours, Jo\u00eblle rejoint ses amies retrait\u00e9es sur une plage \u00e0 Marseille. Entre rires et confidences, elles \u00e9voquent l\u2019amour, le corps et la libert\u00e9 avec une parole lib\u00e9r\u00e9e.<br \/>\n18h30 \u2013 <em>Selegna Sol,<\/em> d\u2019Anouk Moyaux (48\u2019)<br \/>\nApr\u00e8s plusieurs ann\u00e9es d\u2019absence, Gibran revient \u00e0 Los Angeles avec un projet de retour au Mexique. Ce retour ravive des liens \u00e9motionnels profonds avec les \u00c9tats-Unis.<\/p>\n<p><strong>\ud83d\udcc5 Mercredi 8 avril<\/strong><\/p>\n<p>14h \u2013 <em>Les Infirmes<\/em> (45\u2019), FIFE 2025<br \/>\nUn groupe d\u2019amis en situation de handicap part en vacances : une aventure pleine d\u2019obstacles mais aussi d\u2019humanit\u00e9.<br \/>\n15h30 \u2013 <em>Semillas de Kivu<\/em> (29\u2019), FIFE 2025. \u26a0\ufe0fCe\u00a0 film peut heurter la sensibilit\u00e9.<br \/>\nEn R\u00e9publique d\u00e9mocratique du Congo, des femmes victimes de violences sexuelles tentent de se reconstruire.<br \/>\n16h30 \u2013 <em>Cherchez le gar\u00e7on<\/em> (17\u2019), FIFE 2025<br \/>\nLes proches de Charly, jeune homme trans, lui rendent un hommage \u00e0 leur mani\u00e8re.<br \/>\n17h15 \u2013 <em>Hannah et le Crocodile<\/em> (16\u2019), FIFE 2025<br \/>\nUn film d\u2019animation sensible autour de la maladie et du soutien familial.<br \/>\n18h \u2013 <em>De la rue au logement<\/em><br \/>\nFilm-documentaire r\u00e9alis\u00e9 par l\u2019association Etouchane pour le PREFAS Hauts-de-France.<br \/>\nCe film questionne la politique du \u00ab logement d\u2019abord \u00bb \u00e0 travers t\u00e9moignages de professionnels et de personnes concern\u00e9es.<\/p>\n<p><strong>\ud83d\udcc5 Jeudi 9 avril<\/strong><\/p>\n<p>18h \u2013 <em>MA Cry of Silence<\/em> (74\u2019), FIFE 2025<br \/>\nDans un contexte de guerre civile au Myanmar, une ouvri\u00e8re rejoint un mouvement de gr\u00e8ve pour d\u00e9fendre ses droits, malgr\u00e9 un pass\u00e9 marqu\u00e9 par la r\u00e9pression.<\/p>\n<p><span class=\"editor_button_link\">\u00a0\ud83d\udc49 Programme complet et inscriptions\u00a0: <a href=\"https:\/\/www.apradis.eu\/index.php\/festival-film\">https:\/\/www.apradis.eu\/index.php\/festival-film<\/a><\/span><\/p>\n<p>Parmi les partenaires, aux c\u00f4t\u00e9s de l&#8217;APRADIS et des Cem\u00e9a,\u00a0 Le PREFAS Hauts-de-France et le Festival international du film d&#8217;Amiens.<\/p>\n<p><strong>Article paru dans le Courrier Picard<\/strong><\/p>\n<p><a href=\"https:\/\/festivalfilmeduc.net\/wp-content\/uploads\/2026\/04\/Courrier-Picard-.jpg\" data-lbwps-width=\"862\" data-lbwps-height=\"1295\" data-lbwps-srcsmall=\"https:\/\/festivalfilmeduc.net\/wp-content\/uploads\/2026\/04\/Courrier-Picard-.jpg\"><img loading=\"lazy\" decoding=\"async\" class=\"alignnone size-medium wp-image-26925\" src=\"https:\/\/festivalfilmeduc.net\/wp-content\/uploads\/2026\/04\/Courrier-Picard--300x200.jpg\" alt=\"\" width=\"300\" height=\"200\" srcset=\"https:\/\/festivalfilmeduc.net\/wp-content\/uploads\/2026\/04\/Courrier-Picard--300x200.jpg 300w, https:\/\/festivalfilmeduc.net\/wp-content\/uploads\/2026\/04\/Courrier-Picard--1024x682.jpg 1024w, https:\/\/festivalfilmeduc.net\/wp-content\/uploads\/2026\/04\/Courrier-Picard--768x511.jpg 768w, https:\/\/festivalfilmeduc.net\/wp-content\/uploads\/2026\/04\/Courrier-Picard--rotated.jpg 1295w\" sizes=\"auto, (max-width: 300px) 100vw, 300px\" \/><\/a><\/p>\n<h2>La pr\u00e9sentation des films programm\u00e9s au FIFE 21\u00e8me \u00e9dition, 2025<\/h2>\n","protected":false},"excerpt":{"rendered":"<p>Dans le cadre de la d\u00e9localisation du Festival International du Film d\u2019\u00c9ducation (FIFE) d\u2019\u00c9vreux, l&#8217;Apradis en partenariat avec les Cem\u00e9a de Picardie ont le plaisir d\u2019organiser plusieurs projections sur leur [&hellip;]<\/p>\n","protected":false},"author":7,"featured_media":26921,"comment_status":"open","ping_status":"open","sticky":false,"template":"","format":"standard","meta":{"_acf_changed":false,"footnotes":""},"categories":[104,3305],"tags":[],"edition_festival":[3550],"class_list":["post-26920","post","type-post","status-publish","format-standard","has-post-thumbnail","hentry","category-les-echos-du-festival","category-picardie","edition_festival-edition-2026"],"acf":[],"_links":{"self":[{"href":"https:\/\/festivalfilmeduc.net\/en\/wp-json\/wp\/v2\/posts\/26920","targetHints":{"allow":["GET"]}}],"collection":[{"href":"https:\/\/festivalfilmeduc.net\/en\/wp-json\/wp\/v2\/posts"}],"about":[{"href":"https:\/\/festivalfilmeduc.net\/en\/wp-json\/wp\/v2\/types\/post"}],"author":[{"embeddable":true,"href":"https:\/\/festivalfilmeduc.net\/en\/wp-json\/wp\/v2\/users\/7"}],"replies":[{"embeddable":true,"href":"https:\/\/festivalfilmeduc.net\/en\/wp-json\/wp\/v2\/comments?post=26920"}],"version-history":[{"count":4,"href":"https:\/\/festivalfilmeduc.net\/en\/wp-json\/wp\/v2\/posts\/26920\/revisions"}],"predecessor-version":[{"id":26928,"href":"https:\/\/festivalfilmeduc.net\/en\/wp-json\/wp\/v2\/posts\/26920\/revisions\/26928"}],"wp:featuredmedia":[{"embeddable":true,"href":"https:\/\/festivalfilmeduc.net\/en\/wp-json\/wp\/v2\/media\/26921"}],"wp:attachment":[{"href":"https:\/\/festivalfilmeduc.net\/en\/wp-json\/wp\/v2\/media?parent=26920"}],"wp:term":[{"taxonomy":"category","embeddable":true,"href":"https:\/\/festivalfilmeduc.net\/en\/wp-json\/wp\/v2\/categories?post=26920"},{"taxonomy":"post_tag","embeddable":true,"href":"https:\/\/festivalfilmeduc.net\/en\/wp-json\/wp\/v2\/tags?post=26920"},{"taxonomy":"edition_festival","embeddable":true,"href":"https:\/\/festivalfilmeduc.net\/en\/wp-json\/wp\/v2\/edition_festival?post=26920"}],"curies":[{"name":"wp","href":"https:\/\/api.w.org\/{rel}","templated":true}]}}