{"id":27145,"date":"2026-04-28T12:56:22","date_gmt":"2026-04-28T10:56:22","guid":{"rendered":"https:\/\/festivalfilmeduc.net\/?p=27145"},"modified":"2026-04-28T12:58:09","modified_gmt":"2026-04-28T10:58:09","slug":"le-fife-present-pendant-le-festival-cinelatino-pour-construire-sa-programmation","status":"publish","type":"post","link":"https:\/\/festivalfilmeduc.net\/en\/2026\/04\/le-fife-present-pendant-le-festival-cinelatino-pour-construire-sa-programmation\/","title":{"rendered":"Le FIFE pr\u00e9sent pendant le festival Cin\u00e9latino, pour construire sa programmation"},"content":{"rendered":"<h2>Cette pr\u00e9sence dans d&#8217;autres festivals permet de rep\u00e9rer des films et de les proposer aux comit\u00e9 de s\u00e9lection du FIFE.<\/h2>\n<p>Bernard Kuhn, membre du comit\u00e9 de s\u00e9lection longs m\u00e9trages fiction,\u00a0 participe depuis plusieurs ann\u00e9es \u00e0 ce festival et ses rencontres \u00e0 Toulouse. En effet, c&#8217;est une orientation \u00e9ditoriale du FIFE d&#8217;int\u00e9grer dans sa s\u00e9lection longs m\u00e9trages de fiction, des films de diff\u00e9rentes cin\u00e9matographies internationales, dont celle tr\u00e8s riche de l&#8217;Am\u00e9rique latine.<\/p>\n<p>Ont \u00e9t\u00e9 rep\u00e9r\u00e9s plusieurs films qui seront donc propos\u00e9s au comit\u00e9 de s\u00e9lection, des contacts pendant le festival ont \u00e9t\u00e9 pris dans ce sens aupr\u00e8s des r\u00e9alis<a href=\"https:\/\/festivalfilmeduc.net\/wp-content\/uploads\/2026\/04\/Cinelatino-2026_Visuel-horizontal-web.jpg\" data-lbwps-width=\"1200\" data-lbwps-height=\"675\" data-lbwps-srcsmall=\"https:\/\/festivalfilmeduc.net\/wp-content\/uploads\/2026\/04\/Cinelatino-2026_Visuel-horizontal-web-300x169.jpg\"><img loading=\"lazy\" decoding=\"async\" class=\"size-medium wp-image-27148 alignleft\" src=\"https:\/\/festivalfilmeduc.net\/wp-content\/uploads\/2026\/04\/Cinelatino-2026_Visuel-horizontal-web-300x169.jpg\" alt=\"\" width=\"300\" height=\"169\" srcset=\"https:\/\/festivalfilmeduc.net\/wp-content\/uploads\/2026\/04\/Cinelatino-2026_Visuel-horizontal-web-300x169.jpg 300w, https:\/\/festivalfilmeduc.net\/wp-content\/uploads\/2026\/04\/Cinelatino-2026_Visuel-horizontal-web-1024x576.jpg 1024w, https:\/\/festivalfilmeduc.net\/wp-content\/uploads\/2026\/04\/Cinelatino-2026_Visuel-horizontal-web-768x432.jpg 768w, https:\/\/festivalfilmeduc.net\/wp-content\/uploads\/2026\/04\/Cinelatino-2026_Visuel-horizontal-web.jpg 1200w\" sizes=\"auto, (max-width: 300px) 100vw, 300px\" \/><\/a>ateurs ou r\u00e9alisatrices et des ayants droits internationaux. Nina Langlet, charg\u00e9 de programmation et de diffusion, dans l&#8217;\u00e9quipe permanente du FIFE, prendra \u00e9galement, suite \u00e0 ces rencontres, contact avec les ayants droits pour permettre le visionnement de ces films par les membres du comit\u00e9 de s\u00e9lection.<\/p>\n<p>Voici les films rep\u00e9r\u00e9s :<\/p>\n<ul>\n<li><em>Cuerpo Celeste<\/em> de Nayra Ilic Garcia (Chili, Italie) 1h37.<\/li>\n<li><em>El jardin que sonamos<\/em> (le jardin dont nous r\u00eavions) de Joaquim Del Paso (Mexique) 1h42.<\/li>\n<li><em>La Hiedra<\/em> (le lierre) de Ana Cristina Barragan (Equateur, Mexique, France, Espagne) 1h35.<\/li>\n<li><em> La Reserva<\/em> de Pablo Perez Lombardini (Mexique) 1h33.<\/li>\n<li><em>Moscas<\/em> de Fernando Eimbcke (Mexique) 1h39.<\/li>\n<\/ul>\n<p>Deux autres films nous ont particuli\u00e8rement marqu\u00e9s. H\u00e9las, ils sortiront en salle avant la prochaine \u00e9dition du festival, nous ne pouvons donc les s\u00e9lectionner. Nous vous les recommandons n\u00e9anmoins ! Il s&#8217;agit du magnifique film bolivien <em>La Hija Condor<\/em> d\u2019Alvaro Olmos Torrico et du film mexicain <em>Vainilla<\/em> de Mayra Hermosillo qui a obtenu le Grand Prix et le prix du public \u00e0 Cin\u00e9latino.<\/p>\n<p>&nbsp;<\/p>\n<p>&nbsp;<\/p>\n","protected":false},"excerpt":{"rendered":"<p>Cette pr\u00e9sence dans d&#8217;autres festivals permet de rep\u00e9rer des films et de les proposer aux comit\u00e9 de s\u00e9lection du FIFE. Bernard Kuhn, membre du comit\u00e9 de s\u00e9lection longs m\u00e9trages fiction,\u00a0 [&hellip;]<\/p>\n","protected":false},"author":7,"featured_media":27146,"comment_status":"open","ping_status":"open","sticky":false,"template":"","format":"standard","meta":{"_acf_changed":false,"footnotes":""},"categories":[1392],"tags":[],"edition_festival":[3550],"class_list":["post-27145","post","type-post","status-publish","format-standard","has-post-thumbnail","hentry","category-actualites","edition_festival-edition-2026"],"acf":[],"_links":{"self":[{"href":"https:\/\/festivalfilmeduc.net\/en\/wp-json\/wp\/v2\/posts\/27145","targetHints":{"allow":["GET"]}}],"collection":[{"href":"https:\/\/festivalfilmeduc.net\/en\/wp-json\/wp\/v2\/posts"}],"about":[{"href":"https:\/\/festivalfilmeduc.net\/en\/wp-json\/wp\/v2\/types\/post"}],"author":[{"embeddable":true,"href":"https:\/\/festivalfilmeduc.net\/en\/wp-json\/wp\/v2\/users\/7"}],"replies":[{"embeddable":true,"href":"https:\/\/festivalfilmeduc.net\/en\/wp-json\/wp\/v2\/comments?post=27145"}],"version-history":[{"count":4,"href":"https:\/\/festivalfilmeduc.net\/en\/wp-json\/wp\/v2\/posts\/27145\/revisions"}],"predecessor-version":[{"id":27153,"href":"https:\/\/festivalfilmeduc.net\/en\/wp-json\/wp\/v2\/posts\/27145\/revisions\/27153"}],"wp:featuredmedia":[{"embeddable":true,"href":"https:\/\/festivalfilmeduc.net\/en\/wp-json\/wp\/v2\/media\/27146"}],"wp:attachment":[{"href":"https:\/\/festivalfilmeduc.net\/en\/wp-json\/wp\/v2\/media?parent=27145"}],"wp:term":[{"taxonomy":"category","embeddable":true,"href":"https:\/\/festivalfilmeduc.net\/en\/wp-json\/wp\/v2\/categories?post=27145"},{"taxonomy":"post_tag","embeddable":true,"href":"https:\/\/festivalfilmeduc.net\/en\/wp-json\/wp\/v2\/tags?post=27145"},{"taxonomy":"edition_festival","embeddable":true,"href":"https:\/\/festivalfilmeduc.net\/en\/wp-json\/wp\/v2\/edition_festival?post=27145"}],"curies":[{"name":"wp","href":"https:\/\/api.w.org\/{rel}","templated":true}]}}