{"id":27154,"date":"2026-04-28T14:33:12","date_gmt":"2026-04-28T12:33:12","guid":{"rendered":"https:\/\/festivalfilmeduc.net\/?p=27154"},"modified":"2026-04-28T14:48:25","modified_gmt":"2026-04-28T12:48:25","slug":"voici-le-programme-des-echos-du-fife-a-bobigny-mai-2026","status":"publish","type":"post","link":"https:\/\/festivalfilmeduc.net\/en\/2026\/04\/voici-le-programme-des-echos-du-fife-a-bobigny-mai-2026\/","title":{"rendered":"Voici le programme des \u00c9chos du FIFE \u00e0 Bobigny, mai 2026"},"content":{"rendered":"<h2>L&#8217;objectif est de proposer une semaine de cin\u00e9ma ouverte \u00e0 diff\u00e9rents publics, autour d\u2019une s\u00e9lection de films internationaux.<\/h2>\n<p>Au del\u00e0 des s\u00e9ances, il s&#8217;agit de cr\u00e9er des temps partag\u00e9s autour d\u2019\u0153uvres souvent in\u00e9dites, favorisant la d\u00e9couverte de r\u00e9cits vari\u00e9s et la rencontre. Cet \u00e9v\u00e9nement est organis\u00e9 par les Cem\u00e9a Ile de France.<\/p>\n<p><strong>Autour des s\u00e9ances<\/strong><br \/>\nCertaines projections sont prolong\u00e9es par des temps de m\u00e9diation, pens\u00e9s en lien avec les publics. Une attention\u00a0 particuli\u00e8re est port\u00e9e aux formes propos\u00e9es, afin que l\u2019ensemble puisse trouver une mani\u00e8re de r\u00e9agir, de s\u2019exprimer ou de prendre part, \u00e0 l\u2019oral comme autrement.<br \/>\nCes temps s\u2019appuient sur des formes actives et vari\u00e9es \u2014 \u00e9changes collectifs, propositions sensibles ou participatives \u2014 et sont adapt\u00e9s aux contextes des s\u00e9ances. Ils visent \u00e0 prolonger les films en ouvrant des espaces d\u2019expression, sans en figer les interpr\u00e9tations.<\/p>\n<p><span class=\"editor_button_link\"><a href=\"https:\/\/festivalfilmeduc.net\/2026\/04\/echos-du-fife-a-bobigny-une-soiree-exceptionnelle-le-21-mai-au-cinema-alice-guy\/\">Voir la pr\u00e9sentation de la soir\u00e9e exceptionnelle\u00a0 du jeudi soir&#8230;\u00a0<\/a><\/span><\/p>\n<p><strong>Une diversit\u00e9 de publics et un ancrage territorial<\/strong><br \/>\nCette semaine s\u2019adresse \u00e0 une multiplicit\u00e9 de publics, avec une attention particuli\u00e8re port\u00e9e aux scolaires. Accueillie au cin\u00e9ma Alice Guy \u00e0 Bobigny, elle s\u2019inscrit dans un territoire marqu\u00e9 par sa diversit\u00e9 et s\u2019appuie sur des partenariats locaux, avec le soutien d\u2019Est Ensemble.<\/p>\n<p><a href=\"https:\/\/festivalfilmeduc.net\/wp-content\/uploads\/2026\/04\/Les-soutiens.jpg\" data-lbwps-width=\"615\" data-lbwps-height=\"362\" data-lbwps-srcsmall=\"https:\/\/festivalfilmeduc.net\/wp-content\/uploads\/2026\/04\/Les-soutiens-300x177.jpg\"><img loading=\"lazy\" decoding=\"async\" class=\"alignnone size-medium wp-image-27159\" src=\"https:\/\/festivalfilmeduc.net\/wp-content\/uploads\/2026\/04\/Les-soutiens-300x177.jpg\" alt=\"\" width=\"300\" height=\"177\" srcset=\"https:\/\/festivalfilmeduc.net\/wp-content\/uploads\/2026\/04\/Les-soutiens-300x177.jpg 300w, https:\/\/festivalfilmeduc.net\/wp-content\/uploads\/2026\/04\/Les-soutiens.jpg 615w\" sizes=\"auto, (max-width: 300px) 100vw, 300px\" \/><\/a><\/p>\n<ul>\n<li>20 films programm\u00e9s<\/li>\n<li>7 typologies de publics concern\u00e9s (maternelles, \u00e9l\u00e9mentaires, coll\u00e8ges, lyc\u00e9es, \u00e9tudiant\u00b7es, tout publics, familles)<\/li>\n<li>+ de 300 spectateurs et spectatrices attendu\u00b7es<\/li>\n<li>Un territoire : Bobigny<\/li>\n<li>100% des s\u00e9ances sont gratuites<\/li>\n<\/ul>\n<p><a href=\"https:\/\/festivalfilmeduc.net\/wp-content\/uploads\/2026\/04\/Calandrier-des-seances.jpg\" data-lbwps-width=\"2437\" data-lbwps-height=\"1715\" data-lbwps-srcsmall=\"https:\/\/festivalfilmeduc.net\/wp-content\/uploads\/2026\/04\/Calandrier-des-seances-300x211.jpg\"><img loading=\"lazy\" decoding=\"async\" class=\"alignnone size-medium wp-image-27155\" src=\"https:\/\/festivalfilmeduc.net\/wp-content\/uploads\/2026\/04\/Calandrier-des-seances-300x211.jpg\" alt=\"\" width=\"300\" height=\"211\" srcset=\"https:\/\/festivalfilmeduc.net\/wp-content\/uploads\/2026\/04\/Calandrier-des-seances-300x211.jpg 300w, https:\/\/festivalfilmeduc.net\/wp-content\/uploads\/2026\/04\/Calandrier-des-seances-1024x721.jpg 1024w, https:\/\/festivalfilmeduc.net\/wp-content\/uploads\/2026\/04\/Calandrier-des-seances-768x540.jpg 768w, https:\/\/festivalfilmeduc.net\/wp-content\/uploads\/2026\/04\/Calandrier-des-seances-1536x1081.jpg 1536w, https:\/\/festivalfilmeduc.net\/wp-content\/uploads\/2026\/04\/Calandrier-des-seances-2048x1441.jpg 2048w\" sizes=\"auto, (max-width: 300px) 100vw, 300px\" \/><\/a><\/p>\n<p>Voir l&#8217;ensemble des pr\u00e9sentations des 20 films s\u00e9lectionn\u00e9s en t\u00e9l\u00e9chargeant le dossier ci-dessous.<\/p>\n<h2><span class=\"editor_button_download\"><a href=\"https:\/\/festivalfilmeduc.net\/wp-content\/uploads\/2026\/04\/Dossier-Les-Echos-du-FIFE-a-Bobigny-Mai-2026-Cemea-IDF.pdf\">Dossier complet avec pr\u00e9sentation des films &#8211; Les \u00c9chos du FIFE \u00e0 Bobigny (Mai 2026) &#8211; Cem\u00e9a IDF<\/a>. <\/span><\/h2>\n<h2>Pr\u00e9sentation des longs m\u00e9trages au programme, r\u00e9cents et salu\u00e9s par les critiques de cin\u00e9ma&#8230;<\/h2>\n","protected":false},"excerpt":{"rendered":"<p>L&#8217;objectif est de proposer une semaine de cin\u00e9ma ouverte \u00e0 diff\u00e9rents publics, autour d\u2019une s\u00e9lection de films internationaux. Au del\u00e0 des s\u00e9ances, il s&#8217;agit de cr\u00e9er des temps partag\u00e9s autour [&hellip;]<\/p>\n","protected":false},"author":7,"featured_media":27161,"comment_status":"open","ping_status":"open","sticky":false,"template":"","format":"standard","meta":{"_acf_changed":false,"footnotes":""},"categories":[3378,104],"tags":[],"edition_festival":[3550],"class_list":["post-27154","post","type-post","status-publish","format-standard","has-post-thumbnail","hentry","category-ile-de-france","category-les-echos-du-festival","edition_festival-edition-2026"],"acf":[],"_links":{"self":[{"href":"https:\/\/festivalfilmeduc.net\/en\/wp-json\/wp\/v2\/posts\/27154","targetHints":{"allow":["GET"]}}],"collection":[{"href":"https:\/\/festivalfilmeduc.net\/en\/wp-json\/wp\/v2\/posts"}],"about":[{"href":"https:\/\/festivalfilmeduc.net\/en\/wp-json\/wp\/v2\/types\/post"}],"author":[{"embeddable":true,"href":"https:\/\/festivalfilmeduc.net\/en\/wp-json\/wp\/v2\/users\/7"}],"replies":[{"embeddable":true,"href":"https:\/\/festivalfilmeduc.net\/en\/wp-json\/wp\/v2\/comments?post=27154"}],"version-history":[{"count":6,"href":"https:\/\/festivalfilmeduc.net\/en\/wp-json\/wp\/v2\/posts\/27154\/revisions"}],"predecessor-version":[{"id":27168,"href":"https:\/\/festivalfilmeduc.net\/en\/wp-json\/wp\/v2\/posts\/27154\/revisions\/27168"}],"wp:featuredmedia":[{"embeddable":true,"href":"https:\/\/festivalfilmeduc.net\/en\/wp-json\/wp\/v2\/media\/27161"}],"wp:attachment":[{"href":"https:\/\/festivalfilmeduc.net\/en\/wp-json\/wp\/v2\/media?parent=27154"}],"wp:term":[{"taxonomy":"category","embeddable":true,"href":"https:\/\/festivalfilmeduc.net\/en\/wp-json\/wp\/v2\/categories?post=27154"},{"taxonomy":"post_tag","embeddable":true,"href":"https:\/\/festivalfilmeduc.net\/en\/wp-json\/wp\/v2\/tags?post=27154"},{"taxonomy":"edition_festival","embeddable":true,"href":"https:\/\/festivalfilmeduc.net\/en\/wp-json\/wp\/v2\/edition_festival?post=27154"}],"curies":[{"name":"wp","href":"https:\/\/api.w.org\/{rel}","templated":true}]}}