{"id":27169,"date":"2026-04-29T10:00:11","date_gmt":"2026-04-29T08:00:11","guid":{"rendered":"https:\/\/festivalfilmeduc.net\/?p=27169"},"modified":"2026-04-29T10:11:20","modified_gmt":"2026-04-29T08:11:20","slug":"le-fife-soutient-la-sortie-du-film-le-garcon-qui-faisait-danser-les-collines","status":"publish","type":"post","link":"https:\/\/festivalfilmeduc.net\/en\/2026\/04\/le-fife-soutient-la-sortie-du-film-le-garcon-qui-faisait-danser-les-collines\/","title":{"rendered":"Le FIFE soutient la sortie du film Le Gar\u00e7on qui faisait danser les collines"},"content":{"rendered":"<h2>Sortie nationale le 3 juin 2026&#8230; pour le Grand Prix du FIFE long m\u00e9trage fiction 2025 !<\/h2>\n<p>Un film \u00e0 ne pas manquer dans votre cin\u00e9ma pr\u00e9f\u00e9r\u00e9. Nous vous communiquerons d\u00e8s que possible la liste des cin\u00e9mas qui le proposerons en sortie nationale.<\/p>\n<p><strong>A noter l&#8217;avant premi\u00e8re que nous organisons au cin\u00e9ma Alice Guy \u00e0 Bobigny le jeudi 21 mai&#8230;<\/strong><\/p>\n<p><span class=\"editor_button_link\"> <a href=\"https:\/\/festivalfilmeduc.net\/2026\/04\/echos-du-fife-a-bobigny-une-soiree-exceptionnelle-le-21-mai-au-cinema-alice-guy\/\">Voir le programme de cette soir\u00e9e<\/a>.<\/span><\/p>\n<p>&nbsp;<\/p>\n<p><iframe loading=\"lazy\" title=\"LE GAR\u00c7ON QUI FAISAIT DANSER LES COLLINES | Bande-annonce (VOSTFR)\" width=\"525\" height=\"295\" src=\"https:\/\/www.youtube.com\/embed\/nHeLqeyjGp8?feature=oembed\" frameborder=\"0\" allow=\"accelerometer; autoplay; clipboard-write; encrypted-media; gyroscope; picture-in-picture; web-share\" referrerpolicy=\"strict-origin-when-cross-origin\" allowfullscreen><\/iframe><\/p>\n<p><span class=\"editor_button_link\"><a href=\"https:\/\/www.dropbox.com\/scl\/fo\/lm0ieflq0hubs1is4qq26\/ACOJRTBpKiBVHfhbknhcYSM?rlkey=chclws19q0rmt9krqodkkvaa5&amp;e=1&amp;st=jzsducne&amp;dl=0\">Voir l&#8217;affiche et la t\u00e9l\u00e9charger<\/a><\/span><\/p>\n<p><a href=\"https:\/\/festivalfilmeduc.net\/wp-content\/uploads\/2026\/04\/Affiche-Le-Garcon.jpg\" data-lbwps-width=\"870\" data-lbwps-height=\"1187\" data-lbwps-srcsmall=\"https:\/\/festivalfilmeduc.net\/wp-content\/uploads\/2026\/04\/Affiche-Le-Garcon-220x300.jpg\"><img loading=\"lazy\" decoding=\"async\" class=\"alignnone size-medium wp-image-27170\" src=\"https:\/\/festivalfilmeduc.net\/wp-content\/uploads\/2026\/04\/Affiche-Le-Garcon-220x300.jpg\" alt=\"\" width=\"220\" height=\"300\" srcset=\"https:\/\/festivalfilmeduc.net\/wp-content\/uploads\/2026\/04\/Affiche-Le-Garcon-220x300.jpg 220w, https:\/\/festivalfilmeduc.net\/wp-content\/uploads\/2026\/04\/Affiche-Le-Garcon-751x1024.jpg 751w, https:\/\/festivalfilmeduc.net\/wp-content\/uploads\/2026\/04\/Affiche-Le-Garcon-768x1048.jpg 768w, https:\/\/festivalfilmeduc.net\/wp-content\/uploads\/2026\/04\/Affiche-Le-Garcon.jpg 870w\" sizes=\"auto, (max-width: 220px) 100vw, 220px\" \/><\/a><\/p>\n<p><span class=\"editor_button_download\"><a href=\"https:\/\/festivalfilmeduc.net\/wp-content\/uploads\/2026\/03\/FIFEdossier-Le-Garc\u2560oon-qui-faisait-danser-les-collines-BD_V4.pdf\">FIFE : dossier p\u00e9dagogique du film Le Gar\u00e7on qui faisait danser les collines<\/a><\/span><\/p>\n<p>&nbsp;<\/p>\n","protected":false},"excerpt":{"rendered":"<p>Sortie nationale le 3 juin 2026&#8230; pour le Grand Prix du FIFE long m\u00e9trage fiction 2025 ! Un film \u00e0 ne pas manquer dans votre cin\u00e9ma pr\u00e9f\u00e9r\u00e9. Nous vous communiquerons [&hellip;]<\/p>\n","protected":false},"author":7,"featured_media":27172,"comment_status":"open","ping_status":"open","sticky":false,"template":"","format":"standard","meta":{"_acf_changed":false,"footnotes":""},"categories":[1392],"tags":[],"edition_festival":[3550],"class_list":["post-27169","post","type-post","status-publish","format-standard","has-post-thumbnail","hentry","category-actualites","edition_festival-edition-2026"],"acf":[],"_links":{"self":[{"href":"https:\/\/festivalfilmeduc.net\/en\/wp-json\/wp\/v2\/posts\/27169","targetHints":{"allow":["GET"]}}],"collection":[{"href":"https:\/\/festivalfilmeduc.net\/en\/wp-json\/wp\/v2\/posts"}],"about":[{"href":"https:\/\/festivalfilmeduc.net\/en\/wp-json\/wp\/v2\/types\/post"}],"author":[{"embeddable":true,"href":"https:\/\/festivalfilmeduc.net\/en\/wp-json\/wp\/v2\/users\/7"}],"replies":[{"embeddable":true,"href":"https:\/\/festivalfilmeduc.net\/en\/wp-json\/wp\/v2\/comments?post=27169"}],"version-history":[{"count":7,"href":"https:\/\/festivalfilmeduc.net\/en\/wp-json\/wp\/v2\/posts\/27169\/revisions"}],"predecessor-version":[{"id":27181,"href":"https:\/\/festivalfilmeduc.net\/en\/wp-json\/wp\/v2\/posts\/27169\/revisions\/27181"}],"wp:featuredmedia":[{"embeddable":true,"href":"https:\/\/festivalfilmeduc.net\/en\/wp-json\/wp\/v2\/media\/27172"}],"wp:attachment":[{"href":"https:\/\/festivalfilmeduc.net\/en\/wp-json\/wp\/v2\/media?parent=27169"}],"wp:term":[{"taxonomy":"category","embeddable":true,"href":"https:\/\/festivalfilmeduc.net\/en\/wp-json\/wp\/v2\/categories?post=27169"},{"taxonomy":"post_tag","embeddable":true,"href":"https:\/\/festivalfilmeduc.net\/en\/wp-json\/wp\/v2\/tags?post=27169"},{"taxonomy":"edition_festival","embeddable":true,"href":"https:\/\/festivalfilmeduc.net\/en\/wp-json\/wp\/v2\/edition_festival?post=27169"}],"curies":[{"name":"wp","href":"https:\/\/api.w.org\/{rel}","templated":true}]}}