{"id":27841,"date":"2026-08-31T09:58:31","date_gmt":"2026-08-31T07:58:31","guid":{"rendered":"https:\/\/festivalfilmeduc.net\/?p=27841"},"modified":"2026-08-31T10:02:56","modified_gmt":"2026-08-31T08:02:56","slug":"14eme-edition-des-echos-du-festival-a-la-reunion","status":"publish","type":"post","link":"https:\/\/festivalfilmeduc.net\/en\/2026\/08\/14eme-edition-des-echos-du-festival-a-la-reunion\/","title":{"rendered":"14\u00e8me \u00e9dition des \u00c9chos du festival \u00e0 la R\u00e9union"},"content":{"rendered":"<h2>Organis\u00e9e par les Cem\u00e9a de la R\u00e9union, elle se d\u00e9roulera \u00e0 Saint-Benoit du 30 septembre au 6 octobre 2026, \u00e0 la m\u00e9diath\u00e8que de Saint-Benoit Antoine Roussin et au Parvis de la m\u00e9diath\u00e8que de Bras Fusil.<\/h2>\n<p>Pour cette \u00e9dition, les partenaires et membres du comit\u00e9 technique ont concoct\u00e9 une programmation plurielle permettant \u00e0 chacun de d\u00e9couvrir des courts, moyens et longs m\u00e9trages, en animation, fiction ou documentaire abordant des sujets de soci\u00e9t\u00e9 en lien avec l\u2019\u00e9ducation. <strong>Plus d&#8217;une vingtaine de films sont programm\u00e9s<\/strong>. Lors de ces projections, des accompagnements des spectateurs qui se d\u00e9clinent sous de multiples facettes, permettent, au-del\u00e0 des \u00e9motions suscit\u00e9es par les films, de donner du sens et de d\u00e9battre. Les entr\u00e9es pour les s\u00e9ances sont gratuites.<\/p>\n<p><a href=\"https:\/\/festivalfilmeduc.net\/wp-content\/uploads\/2026\/08\/Affiche-Echo-20261La-reunion.jpg\" data-lbwps-width=\"1414\" data-lbwps-height=\"2000\" data-lbwps-srcsmall=\"https:\/\/festivalfilmeduc.net\/wp-content\/uploads\/2026\/08\/Affiche-Echo-20261La-reunion-212x300.jpg\"><img loading=\"lazy\" decoding=\"async\" class=\"alignnone size-medium wp-image-27842\" src=\"https:\/\/festivalfilmeduc.net\/wp-content\/uploads\/2026\/08\/Affiche-Echo-20261La-reunion-212x300.jpg\" alt=\"\" width=\"212\" height=\"300\" srcset=\"https:\/\/festivalfilmeduc.net\/wp-content\/uploads\/2026\/08\/Affiche-Echo-20261La-reunion-212x300.jpg 212w, https:\/\/festivalfilmeduc.net\/wp-content\/uploads\/2026\/08\/Affiche-Echo-20261La-reunion-724x1024.jpg 724w, https:\/\/festivalfilmeduc.net\/wp-content\/uploads\/2026\/08\/Affiche-Echo-20261La-reunion-768x1086.jpg 768w, https:\/\/festivalfilmeduc.net\/wp-content\/uploads\/2026\/08\/Affiche-Echo-20261La-reunion-1086x1536.jpg 1086w, https:\/\/festivalfilmeduc.net\/wp-content\/uploads\/2026\/08\/Affiche-Echo-20261La-reunion.jpg 1414w\" sizes=\"auto, (max-width: 212px) 100vw, 212px\" \/><\/a><\/p>\n<p>CETTE \u00c9DITION PERMETTRA PARTAGES ET \u00c9CHANGES SUR DES QUESTIONS SOCI\u00c9TALES ESSENTIELLES :<\/p>\n<ul>\n<li>Le vivre et faire ensemble et l\u2019interg\u00e9n\u00e9rationnel<\/li>\n<li>L\u2019environnement, les migrations \u00e9conomiques et<br \/>\nclimatiques<\/li>\n<li>La soci\u00e9t\u00e9 num\u00e9rique et ses r\u00e9seaux sociaux et virtuels<\/li>\n<li>Les discriminations, les diff\u00e9rences et la non exclusion<\/li>\n<li>L\u2019\u00e9galit\u00e9 fille gar\u00e7on, le genre<\/li>\n<li>L\u2019interculturel et les \u00ab communs \u00bb universels.<\/li>\n<\/ul>\n<p style=\"text-align: left;\"><strong>A noter la diffusion des deux films prim\u00e9s au FIFE 2025\u00a0<\/strong><\/p>\n<ul>\n<li>La soir\u00e9e d&#8217;ouverture, le mercredi 30 septembre \u00e0 19 H avec la projection du film, <em>Cutting through Rocks<\/em> de Mohammadreza Eyni et Sara Khaki | 2025 | Canada, Iran, Pays Bas | Documentaire | 94 min Film prim\u00e9 \u00ab Meilleur long m\u00e9trage documentaire \u00bb au Festival International du Film d\u2019\u00c9ducation 2025.<\/li>\n<li>La soir\u00e9e de cl\u00f4ture pr\u00e9c\u00e9d\u00e9e d\u2019un pot d\u2019accueil, le mardi 6 octobre, \u00e0 18h30 avec la projection du film <em>Le gar\u00e7on qui faisait danser les collines<\/em> de Georgi M. Unkovski | 2025 | Croatie, Mac\u00e9doine du Nord, R\u00e9publique tch\u00e8que, Serbie | Fiction | 99 min Film prim\u00e9 \u00ab Meilleur long m\u00e9trage de fiction \u00bb au Festival International du Film d\u2019\u00c9ducation 2025.<\/li>\n<\/ul>\n<p><strong>Des s\u00e9ances \u00ab\u00a0Kozpoudi\u00a0\u00bb (en cours de programmation)<\/strong><\/p>\n<p>Elles auront lieu en amont ou aval du festival en s\u00e9ance d\u00e9centralis\u00e9e. Qu\u2019est-ce qu\u2019un Kozpoudi ? C&#8217;est un espace de rencontres, d\u2019\u00e9changes et de r\u00e9flexions, adaptables \u00e0 tous les \u00e2ges, autour d\u2019une th\u00e9matique donn\u00e9e, anim\u00e9s par des militants.es des Cem\u00e9a R\u00e9union et des professionnels. Les films, issus du Festival International du Film d\u2019\u00c9ducation, sont utilis\u00e9s comme outils \u00e9ducatifs favorisant l\u2019\u00e9change autour de ces sujets d\u2019\u00e9ducation, de ces histoires \u00e0 raconter\u2026<\/p>\n<p><strong>Des s\u00e9ances \u00ab Scolaires \u00bb<\/strong><\/p>\n<p>Une programmation sp\u00e9ciale a \u00e9t\u00e9 concoct\u00e9e pour les scolaires, selon les niveaux. Les s\u00e9ances, qui se d\u00e9roulent en journ\u00e9e, leur sont sp\u00e9cifiquement r\u00e9serv\u00e9es. Bient\u00f4t en t\u00e9l\u00e9chargement sur le site des Cem\u00e9a la R\u00e9union, les livrets p\u00e9dagogiques pour chaque niveau.<\/p>\n<p><span class=\"editor_button_link\"><a href=\"https:\/\/cemea-reunion.org\/14eme-edition-des-echos-du-festival-international-du-film-deducation-a-saint-benoit\/\">Voir l&#8217;ensemble de la programmation et les ressources sur le site des Cem\u00e9a de la R\u00e9union.<\/a>\u00a0<\/span><\/p>\n<p>Cette \u00e9dition est soutenue par de nombreux partenaires.<\/p>\n<p><a href=\"https:\/\/festivalfilmeduc.net\/wp-content\/uploads\/2026\/08\/Partenaires-echos-la-Reunion-2026.jpg\" data-lbwps-width=\"3577\" data-lbwps-height=\"305\" data-lbwps-srcsmall=\"https:\/\/festivalfilmeduc.net\/wp-content\/uploads\/2026\/08\/Partenaires-echos-la-Reunion-2026-300x26.jpg\"><img loading=\"lazy\" decoding=\"async\" class=\"alignnone wp-image-27845\" src=\"https:\/\/festivalfilmeduc.net\/wp-content\/uploads\/2026\/08\/Partenaires-echos-la-Reunion-2026-300x26.jpg\" alt=\"\" width=\"438\" height=\"38\" srcset=\"https:\/\/festivalfilmeduc.net\/wp-content\/uploads\/2026\/08\/Partenaires-echos-la-Reunion-2026-300x26.jpg 300w, https:\/\/festivalfilmeduc.net\/wp-content\/uploads\/2026\/08\/Partenaires-echos-la-Reunion-2026-1024x87.jpg 1024w, https:\/\/festivalfilmeduc.net\/wp-content\/uploads\/2026\/08\/Partenaires-echos-la-Reunion-2026-768x65.jpg 768w, https:\/\/festivalfilmeduc.net\/wp-content\/uploads\/2026\/08\/Partenaires-echos-la-Reunion-2026-1536x131.jpg 1536w, https:\/\/festivalfilmeduc.net\/wp-content\/uploads\/2026\/08\/Partenaires-echos-la-Reunion-2026-2048x175.jpg 2048w\" sizes=\"auto, (max-width: 438px) 100vw, 438px\" \/><\/a><\/p>\n<p>Contact : 06 92 31 15 35 \/ evenement-culture@cemea-reunion.org<\/p>\n<h2>Pr\u00e9sentation des films d&#8217;ouverture et cl\u00f4ture de ces \u00c9chos<\/h2>\n","protected":false},"excerpt":{"rendered":"<p>Organis\u00e9e par les Cem\u00e9a de la R\u00e9union, elle se d\u00e9roulera \u00e0 Saint-Benoit du 30 septembre au 6 octobre 2026, \u00e0 la m\u00e9diath\u00e8que de Saint-Benoit Antoine Roussin et au Parvis de [&hellip;]<\/p>\n","protected":false},"author":7,"featured_media":27848,"comment_status":"open","ping_status":"open","sticky":false,"template":"","format":"standard","meta":{"_acf_changed":false,"footnotes":""},"categories":[1385,104,1],"tags":[],"edition_festival":[3550],"class_list":["post-27841","post","type-post","status-publish","format-standard","has-post-thumbnail","hentry","category-la-reunion","category-les-echos-du-festival","category-non-classifiee","edition_festival-edition-2026"],"acf":[],"_links":{"self":[{"href":"https:\/\/festivalfilmeduc.net\/en\/wp-json\/wp\/v2\/posts\/27841","targetHints":{"allow":["GET"]}}],"collection":[{"href":"https:\/\/festivalfilmeduc.net\/en\/wp-json\/wp\/v2\/posts"}],"about":[{"href":"https:\/\/festivalfilmeduc.net\/en\/wp-json\/wp\/v2\/types\/post"}],"author":[{"embeddable":true,"href":"https:\/\/festivalfilmeduc.net\/en\/wp-json\/wp\/v2\/users\/7"}],"replies":[{"embeddable":true,"href":"https:\/\/festivalfilmeduc.net\/en\/wp-json\/wp\/v2\/comments?post=27841"}],"version-history":[{"count":6,"href":"https:\/\/festivalfilmeduc.net\/en\/wp-json\/wp\/v2\/posts\/27841\/revisions"}],"predecessor-version":[{"id":27853,"href":"https:\/\/festivalfilmeduc.net\/en\/wp-json\/wp\/v2\/posts\/27841\/revisions\/27853"}],"wp:featuredmedia":[{"embeddable":true,"href":"https:\/\/festivalfilmeduc.net\/en\/wp-json\/wp\/v2\/media\/27848"}],"wp:attachment":[{"href":"https:\/\/festivalfilmeduc.net\/en\/wp-json\/wp\/v2\/media?parent=27841"}],"wp:term":[{"taxonomy":"category","embeddable":true,"href":"https:\/\/festivalfilmeduc.net\/en\/wp-json\/wp\/v2\/categories?post=27841"},{"taxonomy":"post_tag","embeddable":true,"href":"https:\/\/festivalfilmeduc.net\/en\/wp-json\/wp\/v2\/tags?post=27841"},{"taxonomy":"edition_festival","embeddable":true,"href":"https:\/\/festivalfilmeduc.net\/en\/wp-json\/wp\/v2\/edition_festival?post=27841"}],"curies":[{"name":"wp","href":"https:\/\/api.w.org\/{rel}","templated":true}]}}