{"id":4157,"date":"2019-03-12T10:18:23","date_gmt":"2019-03-12T09:18:23","guid":{"rendered":"https:\/\/festivalfilmeduc.net\/?p=4157"},"modified":"2019-06-22T13:36:24","modified_gmt":"2019-06-22T11:36:24","slug":"mayotte-le-21-mars-projections-sur-le-theme-vivre-ailleurs","status":"publish","type":"post","link":"https:\/\/festivalfilmeduc.net\/en\/2019\/03\/mayotte-le-21-mars-projections-sur-le-theme-vivre-ailleurs\/","title":{"rendered":"Mayotte le 21 mars : Projections sur le th\u00e8me  &#8220;Vivre Ailleurs&#8221;"},"content":{"rendered":"<p><a href=\"https:\/\/festivalfilmeduc.net\/wp-content\/uploads\/2019\/03\/mayotte_-Jeudi_21_MARS_19.pdf\">Projection Mayotte Jeudi 21 MARS 2019<\/a><\/p>\n<p>Dans le cadre des \u00e9chos du festival du film d&#8217;\u00e9ducation en r\u00e9gions, L&#8217;association Fikira et les Cem\u00e9a Mayotte ont le plaisir de vous inviter \u00e0 la projection du film &#8220;<em>les enfants d&#8217;Hampat\u00e9 b\u00e2<\/em> &#8220;,\u00a0 le film d&#8217; Emmanuelle Villard, s\u00e9lectionn\u00e9 lors la 8e \u00e9dition du Festival du film d&#8217;\u00e9ducation 2012 \u00e0 \u00c9vreux. Ce film est pr\u00e9c\u00e9d\u00e9 de la projection de deux courts m\u00e9trages<\/p>\n<p><em>Ma lettre d&#8217;un quartier de France<\/em>, Prix de la Fondation Groupe France T\u00e9l\u00e9visions\u00a0: Ma lettre d\u2019un quartier de France,\u00a0r\u00e9alis\u00e9 par Marion Michel et le collectif Esp&amp;R<\/p>\n<p><em>Fronti\u00e8res \/ Borderlines, <\/em>Un film de Hanka Nov\u00e1kov\u00e1 pr\u00e9sent \u00e0 l&#8217;\u00e9dition de 2016 du festival International du film d&#8217;\u00e9ducation.<\/p>\n","protected":false},"excerpt":{"rendered":"<p>Projection Mayotte Jeudi 21 MARS 2019 Dans le cadre des \u00e9chos du festival du film d&#8217;\u00e9ducation en r\u00e9gions, L&#8217;association Fikira et les Cem\u00e9a Mayotte ont le plaisir de vous inviter [&hellip;]<\/p>\n","protected":false},"author":6,"featured_media":2094,"comment_status":"open","ping_status":"open","sticky":false,"template":"","format":"standard","meta":{"_acf_changed":false,"footnotes":""},"categories":[104,1059],"tags":[],"edition_festival":[141],"class_list":["post-4157","post","type-post","status-publish","format-standard","has-post-thumbnail","hentry","category-les-echos-du-festival","category-mayotte","edition_festival-edition-2018"],"acf":[],"_links":{"self":[{"href":"https:\/\/festivalfilmeduc.net\/en\/wp-json\/wp\/v2\/posts\/4157","targetHints":{"allow":["GET"]}}],"collection":[{"href":"https:\/\/festivalfilmeduc.net\/en\/wp-json\/wp\/v2\/posts"}],"about":[{"href":"https:\/\/festivalfilmeduc.net\/en\/wp-json\/wp\/v2\/types\/post"}],"author":[{"embeddable":true,"href":"https:\/\/festivalfilmeduc.net\/en\/wp-json\/wp\/v2\/users\/6"}],"replies":[{"embeddable":true,"href":"https:\/\/festivalfilmeduc.net\/en\/wp-json\/wp\/v2\/comments?post=4157"}],"version-history":[{"count":6,"href":"https:\/\/festivalfilmeduc.net\/en\/wp-json\/wp\/v2\/posts\/4157\/revisions"}],"predecessor-version":[{"id":4242,"href":"https:\/\/festivalfilmeduc.net\/en\/wp-json\/wp\/v2\/posts\/4157\/revisions\/4242"}],"wp:featuredmedia":[{"embeddable":true,"href":"https:\/\/festivalfilmeduc.net\/en\/wp-json\/wp\/v2\/media\/2094"}],"wp:attachment":[{"href":"https:\/\/festivalfilmeduc.net\/en\/wp-json\/wp\/v2\/media?parent=4157"}],"wp:term":[{"taxonomy":"category","embeddable":true,"href":"https:\/\/festivalfilmeduc.net\/en\/wp-json\/wp\/v2\/categories?post=4157"},{"taxonomy":"post_tag","embeddable":true,"href":"https:\/\/festivalfilmeduc.net\/en\/wp-json\/wp\/v2\/tags?post=4157"},{"taxonomy":"edition_festival","embeddable":true,"href":"https:\/\/festivalfilmeduc.net\/en\/wp-json\/wp\/v2\/edition_festival?post=4157"}],"curies":[{"name":"wp","href":"https:\/\/api.w.org\/{rel}","templated":true}]}}