{"id":4167,"date":"2019-03-12T11:16:11","date_gmt":"2019-03-12T10:16:11","guid":{"rendered":"https:\/\/festivalfilmeduc.net\/?p=4167"},"modified":"2019-06-22T13:36:24","modified_gmt":"2019-06-22T11:36:24","slug":"la-8eme-edition-des-echos-du-festival-international-du-film-en-nouvelle-aquitaine","status":"publish","type":"post","link":"https:\/\/festivalfilmeduc.net\/en\/2019\/03\/la-8eme-edition-des-echos-du-festival-international-du-film-en-nouvelle-aquitaine\/","title":{"rendered":"La 8\u00e8me \u00e9dition des Echos du festival international du film en Nouvelle Aquitaine &#8211; Du 25 mars au 12 avril 2019."},"content":{"rendered":"<p><strong><a href=\"https:\/\/festivalfilmeduc.net\/wp-content\/uploads\/2019\/03\/2019_nouvelle_aquitaine_CP_EFFE_CEMEA.pdf\">Communiqu\u00e9 de presse \u00e9chos du festival Nouvelle aquitaine<\/a><\/strong><\/p>\n<p><strong>D\u00e9battre \u00e0 l\u2019\u00e9cole \u00e0 partir de films d\u2019\u00e9ducation<\/strong>. Du 1er au 12 avril, les Cem\u00e9a Nouvelle-Aquitaine organisent les 8\u00e8mes \u00e9chos du festival du film d\u2019\u00e9ducation dans l\u2019acad\u00e9mie de Poitiers. Plus de 1200 scolaires de la maternelle au coll\u00e8ge, vont assister \u00e0 des projections. Lors de ce festival, il ne s\u2019agit pas de consommer des films mais bien de se pr\u00e9parer \u00e0 aller voir et pouvoir exprimer ses ressentis. C\u2019est ce qui est appel\u00e9 accompagnement du spectateur. Par accompagnement, nous entendons un temps de travail avec les \u00e9quipes p\u00e9dagogiques pour \u00eatre en contact \u00e9troit avec la r\u00e9alit\u00e9 et \u00e9galement un moment \u00ab post-projection \u00bb avec les \u00e9l\u00e8ves pour tirer des fils et vivre un r\u00e9el temps \u00e9ducatif. Cette \u00ab post-pro-jection \u00bb peut prendre diff\u00e9rentes formes : d\u00e9bats, ateliers, productions plastiques, etc.<\/p>\n<p>Cet \u00e9v\u00e8nement n\u2019aurait pas lieu sans un comit\u00e9 de pilotage resserr\u00e9 accueillant le rectorat de l\u2019acad\u00e9mie de Poi-tiers \u00e0 travers la DAAC, la DSDEN 86 et 79, le r\u00e9seau Canop\u00e9, l\u2019Afev, la MAIF, la MGEN et la CASDEN. Ces diff\u00e9rentes institutions et structures ont permis d\u2019effectuer une s\u00e9lection fine de films adapt\u00e9s aux diff\u00e9rents publics et aux probl\u00e9matiques des \u00e9tablissements scolaires en coh\u00e9rence avec les programmes nationaux.<\/p>\n<p><em>L\u2019association des Cem\u00e9a est une association d\u2019\u00e9ducation populaire, reconnue d\u2019utilit\u00e9 publique et compl\u00e9mentaire de l\u2019Ecole depuis plusieurs dizaines d\u2019ann\u00e9es. A ce titre, nous sommes li\u00e9s \u00e0 travers une convention pluriannuelle d\u2019objectifs qui donne lieu \u00e0 des dialogues de partenariat chaque ann\u00e9e avec les services du rectorat.<\/em><\/p>\n<p>Pr\u00e9 &#8211; programme ( ce programme n&#8217;est pas d\u00e9finitif)<\/p>\n<p style=\"text-align: center;\"><strong>25 mars<br \/>\n<\/strong><\/p>\n<h3>Centre culturel Bois Fleuri, rue Lavergne 33305, Lormont<\/h3>\n<p>La corneille blanche &#8211; 9h00<\/p>\n<p style=\"text-align: center;\"><strong>26 mars<\/strong><\/p>\n<h3>Centre culturel Bois Fleuri, rue Lavergne 33305, Lormont<\/h3>\n<p>La corneille blanche &#8211; 9h00<\/p>\n<h3>Coll\u00e8ge Clisth\u00e8ne , Rue pierre trebod, 33000 Bordeaux<\/h3>\n<p>La corneille blanche &#8211; 14h<\/p>\n<h3>Ecole \u00c9l\u00e9mentaire St Fran\u00e7ois Xavier , 181 rue Saint Fran\u00e7ois-Xavier, 33170 Gradignan<\/h3>\n<p>Prosper et la jeunesse p\u00e9tillante &#8211; 19h<\/p>\n<p style=\"text-align: center;\"><strong>27 mars<br \/>\n<\/strong><\/p>\n<h3>Centre culturel Bois Fleuri, rue Lavergne 33305, Lormont<\/h3>\n<p>Scrambled &#8211; 9h00<\/p>\n<p style=\"text-align: center;\"><strong>29 mars<br \/>\n<\/strong><\/p>\n<h3>M\u00e9diath\u00e8que d\u2019Amb\u00e8s, 5 avenue G.Couaillac, 33810<\/h3>\n<p>Scrambled &#8211; 19h00<\/p>\n<p style=\"text-align: center;\"><strong>1er avril<\/strong><\/p>\n<h3>\u00c9cole de Bignoux\u00a0 scolaire, 1 rue de la for\u00eat 86800 Bignoux<\/h3>\n<p>La belette<br \/>\nLa corneille blanche<br \/>\nDr\u00f4le de poisson<br \/>\nLa tortue d&#8217;or<\/p>\n<h3>\u00c9cole de St Martin du Fouilloux, 35 rue Jacques du Fouilloux 79420 Saint Martin du Fouilloux<\/h3>\n<p>La belette<br \/>\nDr\u00f4le de poisson<br \/>\nFourmis<\/p>\n<h3>A.F.E.V.\u00a0 1 rue Neuma F. Borges 86000 POITIERS<\/h3>\n<p>YOLO<\/p>\n<p>&nbsp;<\/p>\n<p style=\"text-align: center;\"><strong>2 avril<\/strong><\/p>\n<h3>Association Cin\u00e9mel Place Bujault 79500 Melle<\/h3>\n<p>Fourmis<br \/>\nLapin et Cerf<br \/>\nTrop petit loup<\/p>\n<p>&nbsp;<\/p>\n<p style=\"text-align: center;\"><strong>3 Avril<\/strong><\/p>\n<h3>\u00c9cole Samuel Champlain 2 rue de l\u2019\u00e9cole 86190 Ayron<\/h3>\n<p>La corneille blanche<br \/>\nDr\u00f4le de poisson<br \/>\nLa tortue d&#8217;or<\/p>\n<h3>Accueil de Loisirs Escap-Ados 7 rue Enjambes 86600 Lusignan<\/h3>\n<p>I Follow you<br \/>\nYOLO<\/p>\n<p style=\"text-align: center;\"><strong>4 Avril<\/strong><\/p>\n<h3>\u00c9cole Azay le brul\u00e9 25 rue de la Frairie 79400 Azay le Brule<\/h3>\n<p>Arc en ciel des souvenirs<br \/>\nDark dark woods<\/p>\n<h3>\u00c9cole Pamproux 6 rue Pierre et Marie Curie 79800 Pamproux<\/h3>\n<p>Dark dark woods<br \/>\nLes monstres n\u2019existent pas<br \/>\nScrambled<\/p>\n<h3>Coll\u00e8ge Renaudot100 route de Ligug\u00e9 86240 St Benoit<\/h3>\n<p>I Follow you<\/p>\n<p style=\"text-align: center;\"><strong>5 Avril<\/strong><\/p>\n<h3>\u00c9cole de Latill\u00e9 place du Champs de Foire 86190 Latill\u00e9<\/h3>\n<p>Arc en ciel des souvenirs<br \/>\nFourmis<br \/>\nIci<br \/>\nSuis-moi<\/p>\n<h3>\u00c9cole de St Jean de Sauves 3 route de Mazeuil 86330 St Jean de Sauves<\/h3>\n<p>Arc en ciel des souvenirs<br \/>\nDark dark woods<br \/>\nTrop petit loup<\/p>\n<p style=\"text-align: center;\"><strong>8 avril<\/strong><\/p>\n<h3>\u00c9cole de Montessori de Salvert Route de Chardonchamp 86440 Migne Auxances<\/h3>\n<p>Arc en ciel des souvenirs<br \/>\nLa belette<br \/>\nDark dark woods<br \/>\nLa tortue d&#8217;or<\/p>\n<h3>\u00c9cole J. Pr\u00e9vert rue des Sports 79000 Niort<\/h3>\n<p>La corneille blanche<br \/>\nIci<\/p>\n<p style=\"text-align: center;\"><strong>09 Avril<\/strong><\/p>\n<h3>\u00c9cole Ferdinand Buisson 5 rue Ferdinand Buisson 79000 Niort<\/h3>\n<p>COMPARTMENTS<br \/>\nLa corneille blanche<br \/>\nLapin et Cerf<br \/>\nOdd est un \u0153uf<br \/>\nLa petite casserole d\u2019Anatole<br \/>\nScramble<\/p>\n<h3>\u00c9cole Lavausseau 30 Grand\u2019rue Lavausseau 86470 Boivre la Vall\u00e9e<\/h3>\n<p>La corneille blanche<br \/>\nDr\u00f4le de poisson<br \/>\nIci<br \/>\nScrambled<br \/>\nLa tortue d&#8217;or<\/p>\n<p style=\"text-align: center;\"><strong>10 Avril<\/strong><\/p>\n<h3>A.F.E.V. 1 rue Neuma F. Borges 86000 POITIERS<\/h3>\n<p>Alike<br \/>\nCourage<br \/>\nTrop petit loup<\/p>\n<p style=\"text-align: center;\"><strong>12 Avril<\/strong><\/p>\n<h3>\u00c9cole de la Charmille rue du stade 79130 Secondigny<\/h3>\n<p>La belette<br \/>\nFourmis<br \/>\nIci<br \/>\nScrambled<br \/>\nLa tortue d&#8217;or<br \/>\nTrop petit loup<\/p>\n<p>Contacts presse<\/p>\n<p>R\u00e9my Gaillard, coordinateur du <a href=\"mailto:festivalremy@cemea-na.fr\">festivalremy(at)cemea-na.fr<\/a><\/p>\n<p>05 49 88 07 61<\/p>\n<p>Charles Reverchon-Billot, Directeur r\u00e9gional <a href=\"mailto:adjointdirection@cemea-na.fr\">adjointdirection(at)cemea-na.fr<\/a><\/p>\n<p>06 65 22 00 41<\/p>\n","protected":false},"excerpt":{"rendered":"<p>Communiqu\u00e9 de presse \u00e9chos du festival Nouvelle aquitaine D\u00e9battre \u00e0 l\u2019\u00e9cole \u00e0 partir de films d\u2019\u00e9ducation. Du 1er au 12 avril, les Cem\u00e9a Nouvelle-Aquitaine organisent les 8\u00e8mes \u00e9chos du festival [&hellip;]<\/p>\n","protected":false},"author":6,"featured_media":4303,"comment_status":"open","ping_status":"open","sticky":false,"template":"","format":"standard","meta":{"_acf_changed":false,"footnotes":""},"categories":[104,1,1159],"tags":[],"edition_festival":[141],"class_list":["post-4167","post","type-post","status-publish","format-standard","has-post-thumbnail","hentry","category-les-echos-du-festival","category-non-classifiee","category-nouvelle-aquitaine","edition_festival-edition-2018"],"acf":[],"_links":{"self":[{"href":"https:\/\/festivalfilmeduc.net\/en\/wp-json\/wp\/v2\/posts\/4167","targetHints":{"allow":["GET"]}}],"collection":[{"href":"https:\/\/festivalfilmeduc.net\/en\/wp-json\/wp\/v2\/posts"}],"about":[{"href":"https:\/\/festivalfilmeduc.net\/en\/wp-json\/wp\/v2\/types\/post"}],"author":[{"embeddable":true,"href":"https:\/\/festivalfilmeduc.net\/en\/wp-json\/wp\/v2\/users\/6"}],"replies":[{"embeddable":true,"href":"https:\/\/festivalfilmeduc.net\/en\/wp-json\/wp\/v2\/comments?post=4167"}],"version-history":[{"count":10,"href":"https:\/\/festivalfilmeduc.net\/en\/wp-json\/wp\/v2\/posts\/4167\/revisions"}],"predecessor-version":[{"id":4302,"href":"https:\/\/festivalfilmeduc.net\/en\/wp-json\/wp\/v2\/posts\/4167\/revisions\/4302"}],"wp:featuredmedia":[{"embeddable":true,"href":"https:\/\/festivalfilmeduc.net\/en\/wp-json\/wp\/v2\/media\/4303"}],"wp:attachment":[{"href":"https:\/\/festivalfilmeduc.net\/en\/wp-json\/wp\/v2\/media?parent=4167"}],"wp:term":[{"taxonomy":"category","embeddable":true,"href":"https:\/\/festivalfilmeduc.net\/en\/wp-json\/wp\/v2\/categories?post=4167"},{"taxonomy":"post_tag","embeddable":true,"href":"https:\/\/festivalfilmeduc.net\/en\/wp-json\/wp\/v2\/tags?post=4167"},{"taxonomy":"edition_festival","embeddable":true,"href":"https:\/\/festivalfilmeduc.net\/en\/wp-json\/wp\/v2\/edition_festival?post=4167"}],"curies":[{"name":"wp","href":"https:\/\/api.w.org\/{rel}","templated":true}]}}