{"id":4209,"date":"2019-03-13T12:22:08","date_gmt":"2019-03-13T11:22:08","guid":{"rendered":"https:\/\/festivalfilmeduc.net\/?p=4209"},"modified":"2019-06-22T13:36:24","modified_gmt":"2019-06-22T11:36:24","slug":"le-printemps-du-102-de-nantes-2-mars-au-19-juin-sinscrit-dans-le-echos-du-festival-international-du-film-deducation-et-les-semaines-deducation-contre-les-discriminations","status":"publish","type":"post","link":"https:\/\/festivalfilmeduc.net\/en\/2019\/03\/le-printemps-du-102-de-nantes-2-mars-au-19-juin-sinscrit-dans-le-echos-du-festival-international-du-film-deducation-et-les-semaines-deducation-contre-les-discriminations\/","title":{"rendered":"Le printemps du 102 de Nantes  &#8211; 2 mars au 19 juin &#8211; s&#8217;inscrit dans les \u00c9chos du festival international du film d&#8217;\u00e9ducation et les semaines d&#8217;\u00e9ducation contre les discriminations."},"content":{"rendered":"<p>Le 102 est un ensemble de b\u00e2timents dont les Cem\u00e9a Pays D e La Loire sont propri\u00e9taires. Il est situ\u00e9 au 102 et 104 de la rue Saint Jacques \u00e0 Nantes. Install\u00e9s depuis 3 ans.<\/p>\n<p>Depuis 2007, un festival y est programm\u00e9 tous les ans avec diff\u00e9rents \u00e9v\u00e8nements dont le printemps du 102. Cette ann\u00e9e cet \u00e9v\u00e8nement s&#8217;inscrit dans les \u00e9chos du festival international du film d&#8217; \u00e9ducation ainsi que dans les semaines d&#8217;\u00e9ducation contre les discriminations.<\/p>\n<p>&nbsp;<\/p>\n<p>Dans ce cadre les \u00e9chos du festival international du film d&#8217;\u00e9ducation, une programmation\u00a0 scolaire est possible ( Primaire, coll\u00e8ge et lyc\u00e9e).<\/p>\n<p>&nbsp;<\/p>\n<p>pour tous renseignements <a href=\"mailto:printemps102@cemea-pdll.org\">printemps102@cemea-pdll.org<\/a><\/p>\n<p><a href=\"http:\/\/cemea-pdll.org\">https \/ \/\/cemea-pdll.org<\/a><\/p>\n<p>Programmation ( En gris les projections de films)<\/p>\n<p><a href=\"https:\/\/festivalfilmeduc.net\/wp-content\/uploads\/2019\/03\/2019_Echos_PDLL_flyer_printemps_du_102.pdf\">Fleyr &#8220;Echos du FIFE en Pays-De-La-Loire&#8221; en t\u00e9l\u00e9chargement<\/a><\/p>\n<h4>&#8211; SAMEDI 2 MARS 9H30-18H , TOUR DE FRANCE DE LA P\u00c9DAGOGIE INSTITUTIONNELLE<\/h4>\n<blockquote><p>&gt; MATIN\u00a0 &lt; FILM<\/p><\/blockquote>\n<p>&gt;APR\u00c8S-MIDI &lt; ATELIER. REPAS COOP\u00c9RATIF<\/p>\n<p>20H &#8211; 23 H BAL TRAD<\/p>\n<p>&nbsp;<\/p>\n<h4>&#8211; LUNDI-4 MARS<\/h4>\n<p>l9H-22H, ARPENTAGE SUR LA CHARGE \u00c9MOTIONNELLE (BANDE DESSIN\u00c9E EMMA)<\/p>\n<p>&nbsp;<\/p>\n<blockquote>\n<h4>&#8211; MERCREDI 6 MARS 19H-22H<br \/>\nCIN\u00c9-D\u00c9BAT<br \/>\n\u00ab LIKE DOLL l&#8217;LL RISE \u00bb<br \/>\n(FEMMES. ESCLAVAGE. RACISME)<\/h4>\n<\/blockquote>\n<p>&nbsp;<\/p>\n<blockquote>\n<h4>&#8211; JEUDI 7 MARS<br \/>\n19H-22H CIN\u00c9-D\u00c9BAT<br \/>\n\u00ab HUMEUR LIQUIDE \u00bb<br \/>\n(BIPOLARIT\u00c9, PARENTALIT\u00c9) EN PR\u00c9SENCE DU R\u00c9ALISATEUR<\/h4>\n<\/blockquote>\n<p>&nbsp;<\/p>\n<p>&nbsp;<\/p>\n<p><strong>&#8211; VENDREDI 8 MARS<\/strong> 19H-23H<br \/>\nJEUX ET ESCAPE GAME PAR DROIT DE JOUER ET<br \/>\nLA SAUCE LUDIQUE<\/p>\n<p>&nbsp;<\/p>\n<p>&nbsp;<\/p>\n<p><strong>&#8211; MERCREDI 13 MARS<\/strong> &#8211; 14H-18H<br \/>\nATELIER TH\u00c9ORIQUE ET PRATIQUE<br \/>\n\u00ab LIB\u00c8RE TON SMARTPHONE \u00bb<\/p>\n<blockquote>\n<h4>&#8211; 19H -22H<br \/>\nCIN\u00c9-D\u00c9BAT &lt;<\/h4>\n<\/blockquote>\n<p>&nbsp;<\/p>\n<p>&nbsp;<\/p>\n<p>&#8211; <strong>JEUDI 14 MARS 14 H &#8211; I8H<\/strong><br \/>\nATELIER TH\u00c9\u00c2TRE DE L &#8216;INVISIBLE<br \/>\nAUTOUR DES DISCRIMINATIONS<br \/>\n\/BH30 &#8211; 22H<br \/>\nD\u00c9BAT SUR LES ESPACES NON MIXTES<\/p>\n<p>&nbsp;<\/p>\n<p>&nbsp;<\/p>\n<p>&#8211; <strong>VENDREDI 15 MARS 14H- 18H<\/strong><br \/>\nATELIER FABRICATION JEUX EN BOIS<\/p>\n<p>&nbsp;<\/p>\n<p>&nbsp;<\/p>\n<p>&#8211; <strong>SAMEDI 16 MARS &#8211; 20H<\/strong> &#8211; MINUIT SOIR\u00c9E FESTIVE<br \/>\nMUSIQUE &#8211; MAGIE SOCIALE ET POLITIQUE PAR LES TOURLOUPES<\/p>\n<p>&nbsp;<\/p>\n<p>&nbsp;<\/p>\n<blockquote>\n<h4>&#8211; MERCREDI 10 AVRIL 19H30-22H<br \/>\nCIN\u00c9-D\u00c9BAT<br \/>\n\u00ab LA V\u00c9RIT\u00c9 \u00bb<br \/>\n(SURDIT\u00c9, SUICIDE)<\/h4>\n<\/blockquote>\n<p>&nbsp;<\/p>\n<p>&nbsp;<\/p>\n<blockquote>\n<h4>&#8211; JEUDI 25 AVRIL &#8211; 19H00 &#8211; 22H00<br \/>\nFILM- DEBAT &#8220;B COMME BAGOU&#8221;<br \/>\nABECEDAIRE R\u00c9ALIS\u00c9 PAR DES JEUNES ROMS<\/h4>\n<\/blockquote>\n<p>&nbsp;<\/p>\n<p>&nbsp;<\/p>\n<blockquote>\n<h4>&#8211; MARDI 30 AVRIL &#8211; 19H- 22H<br \/>\n\u00ab OUVRIER, OUVRE LA ! \u00bb DOCU FICTION SONORE SUR L&#8217;HISTOIRE OUVRI\u00c8RE DE PAIMBOEUF<\/h4>\n<\/blockquote>\n<p>&nbsp;<\/p>\n<p>&nbsp;<\/p>\n<p>&#8211; SAMEDI 11 MAI \/ DIMANCHE 12 MAI &#8211; 15H &#8211; OOH<br \/>\nFESTIVAL DES JEUX-LUDORAMA PAR LA SAUCE LUDIQUE<\/p>\n<p>&nbsp;<\/p>\n<p>&nbsp;<\/p>\n<p>&#8211; MERCREDI 15 MAI &#8211; 19H-23H<br \/>\nCONF\u00c9RENCE GESTICUL\u00c9E<br \/>\n&lt;&lt; INFORMATIQUE OU LIBERT\u00c9S\u00bb<br \/>\nPAR LUNAR<\/p>\n<p>&nbsp;<\/p>\n<p>&nbsp;<\/p>\n<p>&#8211; SAMEDI 18 \/ DIMANCHE 19 MAI<br \/>\n\u00ab LIBRE ET VIE PRIV\u00c9E. APPRENDRE A SE PROT\u00c9GER ET PROT\u00c9GER LES AUTRES \u00bb<br \/>\nWEEK-END DE FORMATION<br \/>\n-SUR INSCRIPTION-<\/p>\n<p>&nbsp;<\/p>\n<blockquote>\n<h4>&#8211; SAMEDI 18 &#8211; 20H &#8211; 23H<br \/>\nCINE-D\u00c9BAT<br \/>\n\u00ab NOTHING TO HIDE \u00bb<\/h4>\n<\/blockquote>\n<p>&nbsp;<\/p>\n<p>&nbsp;<\/p>\n<p>&#8211; LUNDI 20 MAI<br \/>\nl4H &#8211; 17H30<br \/>\nATELIER \u00ab VIES PRIV\u00c9ES \u00c0 L&#8217;HEURE DU RGPD \u00bb<\/p>\n<p>&nbsp;<\/p>\n<p>&nbsp;<\/p>\n<p>&#8211; SAMEDI 25 MAI<br \/>\n15H &#8211; 2TH<br \/>\n\u00ab PRATIQUE LA LSF \u00bb<br \/>\n&#8220;ATELIER BASE LSF&#8221;<br \/>\nMIMES MUETS. CHANTS SIGN\u00c9S<\/p>\n<p>&nbsp;<\/p>\n<p>&nbsp;<\/p>\n<p>&#8211; MERCREDI 5 JUIN &#8211; 17H-22H<br \/>\nATELIER CONTES AVEC GIGI BIGOT<br \/>\nSUIVI D&#8217;UN D\u00c9BAT SUR LES FONCTIONS DU CONTE<\/p>\n<p>&nbsp;<\/p>\n<p>&nbsp;<\/p>\n<p>&#8211; JEUDI 6 JUIN &#8211; 9 H &#8211; 23H<br \/>\nAP\u00c9RO-CONCERT<br \/>\nODJO (LATIN-JAZZMANOUCHE)<\/p>\n<p>PR\u00c9SENTATION DE LA COLLECTION DES<br \/>\n\u00c9DITIONS CAFARD<\/p>\n<p>&nbsp;<\/p>\n<p>&nbsp;<\/p>\n<p>&#8211; MERCREDI 12 JUIN I9H &#8211; 22H<br \/>\nD\u00c9BAT AUTOUR DU TH\u00c8ME<br \/>\n\u00ab LANGAGE ET INSULTES SEXISTES\u00bb<\/p>\n<p>&nbsp;<\/p>\n<p>&nbsp;<\/p>\n<blockquote>\n<h4>&#8211; JEUDI 13 JUIN &#8211; 19H-22H<br \/>\nCIN\u00c9-D\u00c9BAT<br \/>\n\u00ab Y.O.L.O \u00bb (PASSAGE \u00c0 L&#8217;ADOLESCENCE)<br \/>\nEN PR\u00c9SENCE DE SON R\u00c9ALISATEUR<\/h4>\n<\/blockquote>\n<p>&nbsp;<\/p>\n<p>&nbsp;<\/p>\n<p>&#8211; MERCREDI 19 JUIN &#8211; 19H &#8211; 21H<br \/>\nSOIR\u00c9E DE CL\u00d4TURE DU PRINTEMPS DU 102<br \/>\nL1NTERCULTUREL EN THEATRE.DANSE. MUSIQUE. PAR<br \/>\nLES VOLONTAIRES INTERNATIONAUX ET LES JEUNES DE LA BOTTI\u00c8RE<\/p>\n","protected":false},"excerpt":{"rendered":"<p>Le 102 est un ensemble de b\u00e2timents dont les Cem\u00e9a Pays D e La Loire sont propri\u00e9taires. Il est situ\u00e9 au 102 et 104 de la rue Saint Jacques \u00e0 [&hellip;]<\/p>\n","protected":false},"author":6,"featured_media":4214,"comment_status":"open","ping_status":"open","sticky":false,"template":"","format":"standard","meta":{"_acf_changed":false,"footnotes":""},"categories":[104,1,1156],"tags":[],"edition_festival":[141],"class_list":["post-4209","post","type-post","status-publish","format-standard","has-post-thumbnail","hentry","category-les-echos-du-festival","category-non-classifiee","category-pays-de-la-loire","edition_festival-edition-2018"],"acf":[],"_links":{"self":[{"href":"https:\/\/festivalfilmeduc.net\/en\/wp-json\/wp\/v2\/posts\/4209","targetHints":{"allow":["GET"]}}],"collection":[{"href":"https:\/\/festivalfilmeduc.net\/en\/wp-json\/wp\/v2\/posts"}],"about":[{"href":"https:\/\/festivalfilmeduc.net\/en\/wp-json\/wp\/v2\/types\/post"}],"author":[{"embeddable":true,"href":"https:\/\/festivalfilmeduc.net\/en\/wp-json\/wp\/v2\/users\/6"}],"replies":[{"embeddable":true,"href":"https:\/\/festivalfilmeduc.net\/en\/wp-json\/wp\/v2\/comments?post=4209"}],"version-history":[{"count":9,"href":"https:\/\/festivalfilmeduc.net\/en\/wp-json\/wp\/v2\/posts\/4209\/revisions"}],"predecessor-version":[{"id":4228,"href":"https:\/\/festivalfilmeduc.net\/en\/wp-json\/wp\/v2\/posts\/4209\/revisions\/4228"}],"wp:featuredmedia":[{"embeddable":true,"href":"https:\/\/festivalfilmeduc.net\/en\/wp-json\/wp\/v2\/media\/4214"}],"wp:attachment":[{"href":"https:\/\/festivalfilmeduc.net\/en\/wp-json\/wp\/v2\/media?parent=4209"}],"wp:term":[{"taxonomy":"category","embeddable":true,"href":"https:\/\/festivalfilmeduc.net\/en\/wp-json\/wp\/v2\/categories?post=4209"},{"taxonomy":"post_tag","embeddable":true,"href":"https:\/\/festivalfilmeduc.net\/en\/wp-json\/wp\/v2\/tags?post=4209"},{"taxonomy":"edition_festival","embeddable":true,"href":"https:\/\/festivalfilmeduc.net\/en\/wp-json\/wp\/v2\/edition_festival?post=4209"}],"curies":[{"name":"wp","href":"https:\/\/api.w.org\/{rel}","templated":true}]}}